{"id":1272,"date":"2025-04-28T08:13:40","date_gmt":"2025-04-28T06:13:40","guid":{"rendered":"https:\/\/mae.gov.bi\/diaspora\/?p=1272"},"modified":"2025-04-28T08:13:40","modified_gmt":"2025-04-28T06:13:40","slug":"le-secretaire-permanent-au-ministere-des-affaires-etrangeres-et-de-la-cooperation-au-developpement-recoit-en-audience-le-president-de-la-diaspora-burundaise","status":"publish","type":"post","link":"https:\/\/mae.gov.bi\/diaspora\/2025\/04\/28\/le-secretaire-permanent-au-ministere-des-affaires-etrangeres-et-de-la-cooperation-au-developpement-recoit-en-audience-le-president-de-la-diaspora-burundaise\/","title":{"rendered":"Le Secr\u00e9taire Permanent au Minist\u00e8re des Affaires Etrang\u00e8res et de la Coop\u00e9ration au D\u00e9veloppement re\u00e7oit en audience le Pr\u00e9sident de la Diaspora burundaise"},"content":{"rendered":"<p style=\"text-align: justify;\">Le jeudi 10 avril 2025, le Secr\u00e9taire Permanent au Minist\u00e8re des Affaires Etrang\u00e8res et de la Coop\u00e9ration au D\u00e9veloppement Monsieur Ferdinand BASHIKAKO a re\u00e7u en audience le Pr\u00e9sident de la Diaspora burundaise Monsieur Samuel NDAYIRAGIJE accompagn\u00e9 de Madame Mireille NDIMURUKUNDO.<\/p>\n<p>&nbsp;<\/p>\n<p style=\"text-align: justify;\"><img loading=\"lazy\" decoding=\"async\" class=\"alignnone size-medium wp-image-1273\" src=\"https:\/\/mae.gov.bi\/diaspora\/wp-content\/uploads\/2025\/04\/samuel-et-ps-300x226.jpg\" alt=\"\" width=\"300\" height=\"226\" srcset=\"https:\/\/mae.gov.bi\/diaspora\/wp-content\/uploads\/2025\/04\/samuel-et-ps-300x226.jpg 300w, https:\/\/mae.gov.bi\/diaspora\/wp-content\/uploads\/2025\/04\/samuel-et-ps-1024x771.jpg 1024w, https:\/\/mae.gov.bi\/diaspora\/wp-content\/uploads\/2025\/04\/samuel-et-ps-768x578.jpg 768w, https:\/\/mae.gov.bi\/diaspora\/wp-content\/uploads\/2025\/04\/samuel-et-ps.jpg 1080w\" sizes=\"auto, (max-width: 300px) 100vw, 300px\" \/> <img loading=\"lazy\" decoding=\"async\" class=\"alignnone size-medium wp-image-1274\" src=\"https:\/\/mae.gov.bi\/diaspora\/wp-content\/uploads\/2025\/04\/samuel-et-ps1-300x226.jpg\" alt=\"\" width=\"300\" height=\"226\" srcset=\"https:\/\/mae.gov.bi\/diaspora\/wp-content\/uploads\/2025\/04\/samuel-et-ps1-300x226.jpg 300w, https:\/\/mae.gov.bi\/diaspora\/wp-content\/uploads\/2025\/04\/samuel-et-ps1-1024x771.jpg 1024w, https:\/\/mae.gov.bi\/diaspora\/wp-content\/uploads\/2025\/04\/samuel-et-ps1-768x578.jpg 768w, https:\/\/mae.gov.bi\/diaspora\/wp-content\/uploads\/2025\/04\/samuel-et-ps1-1536x1157.jpg 1536w, https:\/\/mae.gov.bi\/diaspora\/wp-content\/uploads\/2025\/04\/samuel-et-ps1.jpg 2048w\" sizes=\"auto, (max-width: 300px) 100vw, 300px\" \/>Leur entretien portait sur les diff\u00e9rents d\u00e9fis des burundais vivant \u00e0 l\u2019\u00e9tranger et la situation actuelle des projets des membres de la Diaspora burundaise recueillis lors des descentes qu\u2019il a effectu\u00e9es dans les diff\u00e9rents pays du monde ou r\u00e9sident ces diasporas.<\/p>\n<p style=\"text-align: justify;\">En effet, le Pr\u00e9sident de la Diaspora burundaise a profit\u00e9 de l\u2019occasion pour remercier le Minist\u00e8re des Affaires Etrang\u00e8res et de la Coop\u00e9ration au D\u00e9veloppement pour le soutien, l\u2019encouragement et l\u2019accompagnement des projets de la Diaspora burundaise, unie, active et dynamique.<\/p>\n<p style=\"text-align: justify;\">\u00a0Le Secr\u00e9taire Permanent a, \u00e0 son tour, remerci\u00e9 la Diaspora burundaise \u00e0 travers cette d\u00e9l\u00e9gation pour leur d\u00e9vouement envers leur patrie et leur contribution en passant par les projets g\u00e9n\u00e9rateurs de revenus pour le bien-\u00eatre de tous les burundais dans le cadre de la mise en \u0153uvre de la vision du Burundi, Pays \u00e9mergent en 2040 et Pays d\u00e9velopp\u00e9 en 2060. En outre, la diaspora burundaise repr\u00e9sente un potentiel \u00e9conomique important pour le pays, en tant que source de revenus \u00e9trangers, de comp\u00e9tences et de connaissances utiles pour le d\u00e9veloppement \u00e9conomique du pays.<\/p>\n","protected":false},"excerpt":{"rendered":"<p>Le jeudi 10 avril 2025, le Secr\u00e9taire Permanent au Minist\u00e8re des Affaires Etrang\u00e8res et de la Coop\u00e9ration au D\u00e9veloppement Monsieur Ferdinand BASHIKAKO a re\u00e7u en audience le Pr\u00e9sident de la Diaspora burundaise Monsieur Samuel NDAYIRAGIJE accompagn\u00e9 de Madame Mireille NDIMURUKUNDO. &nbsp; Leur entretien portait sur les diff\u00e9rents d\u00e9fis des burundais vivant \u00e0 l\u2019\u00e9tranger et la &hellip;<\/p>\n","protected":false},"author":21,"featured_media":1273,"comment_status":"closed","ping_status":"closed","sticky":false,"template":"","format":"standard","meta":{"footnotes":""},"categories":[5],"tags":[],"class_list":["post-1272","post","type-post","status-publish","format-standard","has-post-thumbnail","","category-actualites"],"yoast_head":"<!-- This site is optimized with the Yoast SEO plugin v27.5 - https:\/\/yoast.com\/product\/yoast-seo-wordpress\/ -->\n<title>Le Secr\u00e9taire Permanent au Minist\u00e8re des Affaires Etrang\u00e8res et de la Coop\u00e9ration au D\u00e9veloppement re\u00e7oit en audience le Pr\u00e9sident de la Diaspora burundaise - Portail de la Diaspora<\/title>\n<meta name=\"robots\" content=\"index, follow, max-snippet:-1, max-image-preview:large, max-video-preview:-1\" \/>\n<link rel=\"canonical\" href=\"https:\/\/mae.gov.bi\/diaspora\/2025\/04\/28\/le-secretaire-permanent-au-ministere-des-affaires-etrangeres-et-de-la-cooperation-au-developpement-recoit-en-audience-le-president-de-la-diaspora-burundaise\/\" \/>\n<meta property=\"og:locale\" content=\"fr_FR\" \/>\n<meta property=\"og:type\" content=\"article\" \/>\n<meta property=\"og:title\" content=\"Le Secr\u00e9taire Permanent au Minist\u00e8re des Affaires Etrang\u00e8res et de la Coop\u00e9ration au D\u00e9veloppement re\u00e7oit en audience le Pr\u00e9sident de la Diaspora burundaise - Portail de la Diaspora\" \/>\n<meta property=\"og:description\" content=\"Le jeudi 10 avril 2025, le Secr\u00e9taire Permanent au Minist\u00e8re des Affaires Etrang\u00e8res et de la Coop\u00e9ration au D\u00e9veloppement Monsieur Ferdinand BASHIKAKO a re\u00e7u en audience le Pr\u00e9sident de la Diaspora burundaise Monsieur Samuel NDAYIRAGIJE accompagn\u00e9 de Madame Mireille NDIMURUKUNDO. &nbsp; Leur entretien portait sur les diff\u00e9rents d\u00e9fis des burundais vivant \u00e0 l\u2019\u00e9tranger et la &hellip;\" \/>\n<meta property=\"og:url\" content=\"https:\/\/mae.gov.bi\/diaspora\/2025\/04\/28\/le-secretaire-permanent-au-ministere-des-affaires-etrangeres-et-de-la-cooperation-au-developpement-recoit-en-audience-le-president-de-la-diaspora-burundaise\/\" \/>\n<meta property=\"og:site_name\" content=\"Portail de la Diaspora\" \/>\n<meta property=\"article:published_time\" content=\"2025-04-28T06:13:40+00:00\" \/>\n<meta property=\"og:image\" content=\"https:\/\/mae.gov.bi\/diaspora\/wp-content\/uploads\/2025\/04\/samuel-et-ps.jpg\" \/>\n\t<meta property=\"og:image:width\" content=\"1080\" \/>\n\t<meta property=\"og:image:height\" content=\"813\" \/>\n\t<meta property=\"og:image:type\" content=\"image\/jpeg\" \/>\n<meta name=\"author\" content=\"diaspora01\" \/>\n<meta name=\"twitter:card\" content=\"summary_large_image\" \/>\n<meta name=\"twitter:label1\" content=\"\u00c9crit par\" \/>\n\t<meta name=\"twitter:data1\" content=\"diaspora01\" \/>\n\t<meta name=\"twitter:label2\" content=\"Dur\u00e9e de lecture estim\u00e9e\" \/>\n\t<meta name=\"twitter:data2\" content=\"2 minutes\" \/>\n<script type=\"application\/ld+json\" class=\"yoast-schema-graph\">{\"@context\":\"https:\\\/\\\/schema.org\",\"@graph\":[{\"@type\":\"Article\",\"@id\":\"https:\\\/\\\/mae.gov.bi\\\/diaspora\\\/2025\\\/04\\\/28\\\/le-secretaire-permanent-au-ministere-des-affaires-etrangeres-et-de-la-cooperation-au-developpement-recoit-en-audience-le-president-de-la-diaspora-burundaise\\\/#article\",\"isPartOf\":{\"@id\":\"https:\\\/\\\/mae.gov.bi\\\/diaspora\\\/2025\\\/04\\\/28\\\/le-secretaire-permanent-au-ministere-des-affaires-etrangeres-et-de-la-cooperation-au-developpement-recoit-en-audience-le-president-de-la-diaspora-burundaise\\\/\"},\"author\":{\"name\":\"diaspora01\",\"@id\":\"https:\\\/\\\/mae.gov.bi\\\/diaspora\\\/#\\\/schema\\\/person\\\/7f96c1cc790c9f76c455e23b43566242\"},\"headline\":\"Le Secr\u00e9taire Permanent au Minist\u00e8re des Affaires Etrang\u00e8res et de la Coop\u00e9ration au D\u00e9veloppement re\u00e7oit en audience le Pr\u00e9sident de la Diaspora burundaise\",\"datePublished\":\"2025-04-28T06:13:40+00:00\",\"mainEntityOfPage\":{\"@id\":\"https:\\\/\\\/mae.gov.bi\\\/diaspora\\\/2025\\\/04\\\/28\\\/le-secretaire-permanent-au-ministere-des-affaires-etrangeres-et-de-la-cooperation-au-developpement-recoit-en-audience-le-president-de-la-diaspora-burundaise\\\/\"},\"wordCount\":272,\"image\":{\"@id\":\"https:\\\/\\\/mae.gov.bi\\\/diaspora\\\/2025\\\/04\\\/28\\\/le-secretaire-permanent-au-ministere-des-affaires-etrangeres-et-de-la-cooperation-au-developpement-recoit-en-audience-le-president-de-la-diaspora-burundaise\\\/#primaryimage\"},\"thumbnailUrl\":\"https:\\\/\\\/mae.gov.bi\\\/diaspora\\\/wp-content\\\/uploads\\\/2025\\\/04\\\/samuel-et-ps.jpg\",\"articleSection\":[\"Actualit\u00e9s\"],\"inLanguage\":\"fr-FR\"},{\"@type\":\"WebPage\",\"@id\":\"https:\\\/\\\/mae.gov.bi\\\/diaspora\\\/2025\\\/04\\\/28\\\/le-secretaire-permanent-au-ministere-des-affaires-etrangeres-et-de-la-cooperation-au-developpement-recoit-en-audience-le-president-de-la-diaspora-burundaise\\\/\",\"url\":\"https:\\\/\\\/mae.gov.bi\\\/diaspora\\\/2025\\\/04\\\/28\\\/le-secretaire-permanent-au-ministere-des-affaires-etrangeres-et-de-la-cooperation-au-developpement-recoit-en-audience-le-president-de-la-diaspora-burundaise\\\/\",\"name\":\"Le Secr\u00e9taire Permanent au Minist\u00e8re des Affaires Etrang\u00e8res et de la Coop\u00e9ration au D\u00e9veloppement re\u00e7oit en audience le Pr\u00e9sident de la Diaspora burundaise - Portail de la Diaspora\",\"isPartOf\":{\"@id\":\"https:\\\/\\\/mae.gov.bi\\\/diaspora\\\/#website\"},\"primaryImageOfPage\":{\"@id\":\"https:\\\/\\\/mae.gov.bi\\\/diaspora\\\/2025\\\/04\\\/28\\\/le-secretaire-permanent-au-ministere-des-affaires-etrangeres-et-de-la-cooperation-au-developpement-recoit-en-audience-le-president-de-la-diaspora-burundaise\\\/#primaryimage\"},\"image\":{\"@id\":\"https:\\\/\\\/mae.gov.bi\\\/diaspora\\\/2025\\\/04\\\/28\\\/le-secretaire-permanent-au-ministere-des-affaires-etrangeres-et-de-la-cooperation-au-developpement-recoit-en-audience-le-president-de-la-diaspora-burundaise\\\/#primaryimage\"},\"thumbnailUrl\":\"https:\\\/\\\/mae.gov.bi\\\/diaspora\\\/wp-content\\\/uploads\\\/2025\\\/04\\\/samuel-et-ps.jpg\",\"datePublished\":\"2025-04-28T06:13:40+00:00\",\"author\":{\"@id\":\"https:\\\/\\\/mae.gov.bi\\\/diaspora\\\/#\\\/schema\\\/person\\\/7f96c1cc790c9f76c455e23b43566242\"},\"breadcrumb\":{\"@id\":\"https:\\\/\\\/mae.gov.bi\\\/diaspora\\\/2025\\\/04\\\/28\\\/le-secretaire-permanent-au-ministere-des-affaires-etrangeres-et-de-la-cooperation-au-developpement-recoit-en-audience-le-president-de-la-diaspora-burundaise\\\/#breadcrumb\"},\"inLanguage\":\"fr-FR\",\"potentialAction\":[{\"@type\":\"ReadAction\",\"target\":[\"https:\\\/\\\/mae.gov.bi\\\/diaspora\\\/2025\\\/04\\\/28\\\/le-secretaire-permanent-au-ministere-des-affaires-etrangeres-et-de-la-cooperation-au-developpement-recoit-en-audience-le-president-de-la-diaspora-burundaise\\\/\"]}]},{\"@type\":\"ImageObject\",\"inLanguage\":\"fr-FR\",\"@id\":\"https:\\\/\\\/mae.gov.bi\\\/diaspora\\\/2025\\\/04\\\/28\\\/le-secretaire-permanent-au-ministere-des-affaires-etrangeres-et-de-la-cooperation-au-developpement-recoit-en-audience-le-president-de-la-diaspora-burundaise\\\/#primaryimage\",\"url\":\"https:\\\/\\\/mae.gov.bi\\\/diaspora\\\/wp-content\\\/uploads\\\/2025\\\/04\\\/samuel-et-ps.jpg\",\"contentUrl\":\"https:\\\/\\\/mae.gov.bi\\\/diaspora\\\/wp-content\\\/uploads\\\/2025\\\/04\\\/samuel-et-ps.jpg\",\"width\":1080,\"height\":813},{\"@type\":\"BreadcrumbList\",\"@id\":\"https:\\\/\\\/mae.gov.bi\\\/diaspora\\\/2025\\\/04\\\/28\\\/le-secretaire-permanent-au-ministere-des-affaires-etrangeres-et-de-la-cooperation-au-developpement-recoit-en-audience-le-president-de-la-diaspora-burundaise\\\/#breadcrumb\",\"itemListElement\":[{\"@type\":\"ListItem\",\"position\":1,\"name\":\"Accueil\",\"item\":\"https:\\\/\\\/mae.gov.bi\\\/diaspora\\\/\"},{\"@type\":\"ListItem\",\"position\":2,\"name\":\"Le Secr\u00e9taire Permanent au Minist\u00e8re des Affaires Etrang\u00e8res et de la Coop\u00e9ration au D\u00e9veloppement re\u00e7oit en audience le Pr\u00e9sident de la Diaspora burundaise\"}]},{\"@type\":\"WebSite\",\"@id\":\"https:\\\/\\\/mae.gov.bi\\\/diaspora\\\/#website\",\"url\":\"https:\\\/\\\/mae.gov.bi\\\/diaspora\\\/\",\"name\":\"Portail de la Diaspora\",\"description\":\"\",\"potentialAction\":[{\"@type\":\"SearchAction\",\"target\":{\"@type\":\"EntryPoint\",\"urlTemplate\":\"https:\\\/\\\/mae.gov.bi\\\/diaspora\\\/?s={search_term_string}\"},\"query-input\":{\"@type\":\"PropertyValueSpecification\",\"valueRequired\":true,\"valueName\":\"search_term_string\"}}],\"inLanguage\":\"fr-FR\"},{\"@type\":\"Person\",\"@id\":\"https:\\\/\\\/mae.gov.bi\\\/diaspora\\\/#\\\/schema\\\/person\\\/7f96c1cc790c9f76c455e23b43566242\",\"name\":\"diaspora01\",\"sameAs\":[\"https:\\\/\\\/www.mae.gov.bi\\\/diaspora\"],\"url\":\"https:\\\/\\\/mae.gov.bi\\\/diaspora\\\/author\\\/diaspora01\\\/\"}]}<\/script>\n<!-- \/ Yoast SEO plugin. -->","yoast_head_json":{"title":"Le Secr\u00e9taire Permanent au Minist\u00e8re des Affaires Etrang\u00e8res et de la Coop\u00e9ration au D\u00e9veloppement re\u00e7oit en audience le Pr\u00e9sident de la Diaspora burundaise - Portail de la Diaspora","robots":{"index":"index","follow":"follow","max-snippet":"max-snippet:-1","max-image-preview":"max-image-preview:large","max-video-preview":"max-video-preview:-1"},"canonical":"https:\/\/mae.gov.bi\/diaspora\/2025\/04\/28\/le-secretaire-permanent-au-ministere-des-affaires-etrangeres-et-de-la-cooperation-au-developpement-recoit-en-audience-le-president-de-la-diaspora-burundaise\/","og_locale":"fr_FR","og_type":"article","og_title":"Le Secr\u00e9taire Permanent au Minist\u00e8re des Affaires Etrang\u00e8res et de la Coop\u00e9ration au D\u00e9veloppement re\u00e7oit en audience le Pr\u00e9sident de la Diaspora burundaise - Portail de la Diaspora","og_description":"Le jeudi 10 avril 2025, le Secr\u00e9taire Permanent au Minist\u00e8re des Affaires Etrang\u00e8res et de la Coop\u00e9ration au D\u00e9veloppement Monsieur Ferdinand BASHIKAKO a re\u00e7u en audience le Pr\u00e9sident de la Diaspora burundaise Monsieur Samuel NDAYIRAGIJE accompagn\u00e9 de Madame Mireille NDIMURUKUNDO. &nbsp; Leur entretien portait sur les diff\u00e9rents d\u00e9fis des burundais vivant \u00e0 l\u2019\u00e9tranger et la &hellip;","og_url":"https:\/\/mae.gov.bi\/diaspora\/2025\/04\/28\/le-secretaire-permanent-au-ministere-des-affaires-etrangeres-et-de-la-cooperation-au-developpement-recoit-en-audience-le-president-de-la-diaspora-burundaise\/","og_site_name":"Portail de la Diaspora","article_published_time":"2025-04-28T06:13:40+00:00","og_image":[{"width":1080,"height":813,"url":"https:\/\/mae.gov.bi\/diaspora\/wp-content\/uploads\/2025\/04\/samuel-et-ps.jpg","type":"image\/jpeg"}],"author":"diaspora01","twitter_card":"summary_large_image","twitter_misc":{"\u00c9crit par":"diaspora01","Dur\u00e9e de lecture estim\u00e9e":"2 minutes"},"schema":{"@context":"https:\/\/schema.org","@graph":[{"@type":"Article","@id":"https:\/\/mae.gov.bi\/diaspora\/2025\/04\/28\/le-secretaire-permanent-au-ministere-des-affaires-etrangeres-et-de-la-cooperation-au-developpement-recoit-en-audience-le-president-de-la-diaspora-burundaise\/#article","isPartOf":{"@id":"https:\/\/mae.gov.bi\/diaspora\/2025\/04\/28\/le-secretaire-permanent-au-ministere-des-affaires-etrangeres-et-de-la-cooperation-au-developpement-recoit-en-audience-le-president-de-la-diaspora-burundaise\/"},"author":{"name":"diaspora01","@id":"https:\/\/mae.gov.bi\/diaspora\/#\/schema\/person\/7f96c1cc790c9f76c455e23b43566242"},"headline":"Le Secr\u00e9taire Permanent au Minist\u00e8re des Affaires Etrang\u00e8res et de la Coop\u00e9ration au D\u00e9veloppement re\u00e7oit en audience le Pr\u00e9sident de la Diaspora burundaise","datePublished":"2025-04-28T06:13:40+00:00","mainEntityOfPage":{"@id":"https:\/\/mae.gov.bi\/diaspora\/2025\/04\/28\/le-secretaire-permanent-au-ministere-des-affaires-etrangeres-et-de-la-cooperation-au-developpement-recoit-en-audience-le-president-de-la-diaspora-burundaise\/"},"wordCount":272,"image":{"@id":"https:\/\/mae.gov.bi\/diaspora\/2025\/04\/28\/le-secretaire-permanent-au-ministere-des-affaires-etrangeres-et-de-la-cooperation-au-developpement-recoit-en-audience-le-president-de-la-diaspora-burundaise\/#primaryimage"},"thumbnailUrl":"https:\/\/mae.gov.bi\/diaspora\/wp-content\/uploads\/2025\/04\/samuel-et-ps.jpg","articleSection":["Actualit\u00e9s"],"inLanguage":"fr-FR"},{"@type":"WebPage","@id":"https:\/\/mae.gov.bi\/diaspora\/2025\/04\/28\/le-secretaire-permanent-au-ministere-des-affaires-etrangeres-et-de-la-cooperation-au-developpement-recoit-en-audience-le-president-de-la-diaspora-burundaise\/","url":"https:\/\/mae.gov.bi\/diaspora\/2025\/04\/28\/le-secretaire-permanent-au-ministere-des-affaires-etrangeres-et-de-la-cooperation-au-developpement-recoit-en-audience-le-president-de-la-diaspora-burundaise\/","name":"Le Secr\u00e9taire Permanent au Minist\u00e8re des Affaires Etrang\u00e8res et de la Coop\u00e9ration au D\u00e9veloppement re\u00e7oit en audience le Pr\u00e9sident de la Diaspora burundaise - Portail de la Diaspora","isPartOf":{"@id":"https:\/\/mae.gov.bi\/diaspora\/#website"},"primaryImageOfPage":{"@id":"https:\/\/mae.gov.bi\/diaspora\/2025\/04\/28\/le-secretaire-permanent-au-ministere-des-affaires-etrangeres-et-de-la-cooperation-au-developpement-recoit-en-audience-le-president-de-la-diaspora-burundaise\/#primaryimage"},"image":{"@id":"https:\/\/mae.gov.bi\/diaspora\/2025\/04\/28\/le-secretaire-permanent-au-ministere-des-affaires-etrangeres-et-de-la-cooperation-au-developpement-recoit-en-audience-le-president-de-la-diaspora-burundaise\/#primaryimage"},"thumbnailUrl":"https:\/\/mae.gov.bi\/diaspora\/wp-content\/uploads\/2025\/04\/samuel-et-ps.jpg","datePublished":"2025-04-28T06:13:40+00:00","author":{"@id":"https:\/\/mae.gov.bi\/diaspora\/#\/schema\/person\/7f96c1cc790c9f76c455e23b43566242"},"breadcrumb":{"@id":"https:\/\/mae.gov.bi\/diaspora\/2025\/04\/28\/le-secretaire-permanent-au-ministere-des-affaires-etrangeres-et-de-la-cooperation-au-developpement-recoit-en-audience-le-president-de-la-diaspora-burundaise\/#breadcrumb"},"inLanguage":"fr-FR","potentialAction":[{"@type":"ReadAction","target":["https:\/\/mae.gov.bi\/diaspora\/2025\/04\/28\/le-secretaire-permanent-au-ministere-des-affaires-etrangeres-et-de-la-cooperation-au-developpement-recoit-en-audience-le-president-de-la-diaspora-burundaise\/"]}]},{"@type":"ImageObject","inLanguage":"fr-FR","@id":"https:\/\/mae.gov.bi\/diaspora\/2025\/04\/28\/le-secretaire-permanent-au-ministere-des-affaires-etrangeres-et-de-la-cooperation-au-developpement-recoit-en-audience-le-president-de-la-diaspora-burundaise\/#primaryimage","url":"https:\/\/mae.gov.bi\/diaspora\/wp-content\/uploads\/2025\/04\/samuel-et-ps.jpg","contentUrl":"https:\/\/mae.gov.bi\/diaspora\/wp-content\/uploads\/2025\/04\/samuel-et-ps.jpg","width":1080,"height":813},{"@type":"BreadcrumbList","@id":"https:\/\/mae.gov.bi\/diaspora\/2025\/04\/28\/le-secretaire-permanent-au-ministere-des-affaires-etrangeres-et-de-la-cooperation-au-developpement-recoit-en-audience-le-president-de-la-diaspora-burundaise\/#breadcrumb","itemListElement":[{"@type":"ListItem","position":1,"name":"Accueil","item":"https:\/\/mae.gov.bi\/diaspora\/"},{"@type":"ListItem","position":2,"name":"Le Secr\u00e9taire Permanent au Minist\u00e8re des Affaires Etrang\u00e8res et de la Coop\u00e9ration au D\u00e9veloppement re\u00e7oit en audience le Pr\u00e9sident de la Diaspora burundaise"}]},{"@type":"WebSite","@id":"https:\/\/mae.gov.bi\/diaspora\/#website","url":"https:\/\/mae.gov.bi\/diaspora\/","name":"Portail de la Diaspora","description":"","potentialAction":[{"@type":"SearchAction","target":{"@type":"EntryPoint","urlTemplate":"https:\/\/mae.gov.bi\/diaspora\/?s={search_term_string}"},"query-input":{"@type":"PropertyValueSpecification","valueRequired":true,"valueName":"search_term_string"}}],"inLanguage":"fr-FR"},{"@type":"Person","@id":"https:\/\/mae.gov.bi\/diaspora\/#\/schema\/person\/7f96c1cc790c9f76c455e23b43566242","name":"diaspora01","sameAs":["https:\/\/www.mae.gov.bi\/diaspora"],"url":"https:\/\/mae.gov.bi\/diaspora\/author\/diaspora01\/"}]}},"_links":{"self":[{"href":"https:\/\/mae.gov.bi\/diaspora\/wp-json\/wp\/v2\/posts\/1272","targetHints":{"allow":["GET"]}}],"collection":[{"href":"https:\/\/mae.gov.bi\/diaspora\/wp-json\/wp\/v2\/posts"}],"about":[{"href":"https:\/\/mae.gov.bi\/diaspora\/wp-json\/wp\/v2\/types\/post"}],"author":[{"embeddable":true,"href":"https:\/\/mae.gov.bi\/diaspora\/wp-json\/wp\/v2\/users\/21"}],"replies":[{"embeddable":true,"href":"https:\/\/mae.gov.bi\/diaspora\/wp-json\/wp\/v2\/comments?post=1272"}],"version-history":[{"count":1,"href":"https:\/\/mae.gov.bi\/diaspora\/wp-json\/wp\/v2\/posts\/1272\/revisions"}],"predecessor-version":[{"id":1275,"href":"https:\/\/mae.gov.bi\/diaspora\/wp-json\/wp\/v2\/posts\/1272\/revisions\/1275"}],"wp:featuredmedia":[{"embeddable":true,"href":"https:\/\/mae.gov.bi\/diaspora\/wp-json\/wp\/v2\/media\/1273"}],"wp:attachment":[{"href":"https:\/\/mae.gov.bi\/diaspora\/wp-json\/wp\/v2\/media?parent=1272"}],"wp:term":[{"taxonomy":"category","embeddable":true,"href":"https:\/\/mae.gov.bi\/diaspora\/wp-json\/wp\/v2\/categories?post=1272"},{"taxonomy":"post_tag","embeddable":true,"href":"https:\/\/mae.gov.bi\/diaspora\/wp-json\/wp\/v2\/tags?post=1272"}],"curies":[{"name":"wp","href":"https:\/\/api.w.org\/{rel}","templated":true}]}}